{"id":1817,"date":"2025-06-04T14:53:56","date_gmt":"2025-06-04T14:53:56","guid":{"rendered":"https:\/\/nestogroup.ca\/?p=1817"},"modified":"2025-09-19T01:16:53","modified_gmt":"2025-09-19T01:16:53","slug":"groupe-nesto-se-lance-dans-les-hypotheques-commerciales-au-quebec","status":"publish","type":"post","link":"https:\/\/nestogroup.ca\/fr\/conseils\/groupe-nesto-se-lance-dans-les-hypotheques-commerciales-au-quebec\/","title":{"rendered":"Groupe Nesto se lance dans les hypoth\u00e8ques commerciales au Qu\u00e9bec"},"content":{"rendered":"\n<p>Le Groupe Nesto, \u00e9tabli \u00e0 Montr\u00e9al et sp\u00e9cialis\u00e9 en pr\u00eats hypoth\u00e9caires virtuels, vient de mettre sur pied une \u00e9quipe qui offrira des services de pr\u00eats hypoth\u00e9caires commerciaux au Qu\u00e9bec.<\/p>\n\n\n\n<p><\/p>\n","protected":false},"excerpt":{"rendered":"<p>Le Groupe Nesto, \u00e9tabli \u00e0 Montr\u00e9al et sp\u00e9cialis\u00e9 en pr\u00eats hypoth\u00e9caires virtuels, vient de mettre sur pied une \u00e9quipe qui offrira des services de pr\u00eats hypoth\u00e9caires commerciaux au Qu\u00e9bec.<\/p>\n","protected":false},"author":7,"featured_media":1362,"comment_status":"open","ping_status":"open","sticky":false,"template":"","format":"standard","meta":{"_acf_changed":false,"footnotes":""},"categories":[19],"tags":[22],"class_list":["post-1817","post","type-post","status-publish","format-standard","has-post-thumbnail","hentry","category-conseils","tag-media-center-2"],"acf":[],"yoast_head":"<!-- This site is optimized with the Yoast SEO Premium plugin v27.1 (Yoast SEO v27.1.1) - https:\/\/yoast.com\/product\/yoast-seo-premium-wordpress\/ -->\n<title>Groupe Nesto se lance dans les hypoth\u00e8ques commerciales au Qu\u00e9bec - Nesto Group<\/title>\n<meta name=\"robots\" content=\"index, follow, max-snippet:-1, max-image-preview:large, max-video-preview:-1\" \/>\n<link rel=\"canonical\" href=\"https:\/\/nestogroup.ca\/fr\/conseils\/groupe-nesto-se-lance-dans-les-hypotheques-commerciales-au-quebec\/\" \/>\n<meta property=\"og:locale\" content=\"fr_CA\" \/>\n<meta property=\"og:type\" content=\"article\" \/>\n<meta property=\"og:title\" content=\"Groupe Nesto se lance dans les hypoth\u00e8ques commerciales au Qu\u00e9bec\" \/>\n<meta property=\"og:description\" content=\"Le Groupe Nesto, \u00e9tabli \u00e0 Montr\u00e9al et sp\u00e9cialis\u00e9 en pr\u00eats hypoth\u00e9caires virtuels, vient de mettre sur pied une \u00e9quipe qui offrira des services de pr\u00eats hypoth\u00e9caires commerciaux au Qu\u00e9bec.\" \/>\n<meta property=\"og:url\" content=\"https:\/\/nestogroup.ca\/fr\/conseils\/groupe-nesto-se-lance-dans-les-hypotheques-commerciales-au-quebec\/\" \/>\n<meta property=\"og:site_name\" content=\"Nesto Group\" \/>\n<meta property=\"article:published_time\" content=\"2025-06-04T14:53:56+00:00\" \/>\n<meta property=\"article:modified_time\" content=\"2025-09-19T01:16:53+00:00\" \/>\n<meta property=\"og:image\" content=\"https:\/\/nestogroup.ca\/wp-content\/uploads\/2025\/09\/the-nesto-group-launches-commercial-mortgage-origination-act.webp\" \/>\n\t<meta property=\"og:image:width\" content=\"564\" \/>\n\t<meta property=\"og:image:height\" content=\"423\" \/>\n\t<meta property=\"og:image:type\" content=\"image\/webp\" \/>\n<meta name=\"author\" content=\"Ashley Stead\" \/>\n<meta name=\"twitter:card\" content=\"summary_large_image\" \/>\n<meta name=\"twitter:label1\" content=\"Written by\" \/>\n\t<meta name=\"twitter:data1\" content=\"Ashley Stead\" \/>\n<script type=\"application\/ld+json\" class=\"yoast-schema-graph\">{\"@context\":\"https:\/\/schema.org\",\"@graph\":[{\"@type\":\"Article\",\"@id\":\"https:\/\/nestogroup.ca\/fr\/conseils\/groupe-nesto-se-lance-dans-les-hypotheques-commerciales-au-quebec\/#article\",\"isPartOf\":{\"@id\":\"https:\/\/nestogroup.ca\/fr\/conseils\/groupe-nesto-se-lance-dans-les-hypotheques-commerciales-au-quebec\/\"},\"author\":{\"name\":\"Ashley Stead\",\"@id\":\"https:\/\/nestogroup.ca\/fr\/#\/schema\/person\/c074f786666ef8b58dd8668f44b06d8a\"},\"headline\":\"Groupe Nesto se lance dans les hypoth\u00e8ques commerciales au Qu\u00e9bec\",\"datePublished\":\"2025-06-04T14:53:56+00:00\",\"dateModified\":\"2025-09-19T01:16:53+00:00\",\"mainEntityOfPage\":{\"@id\":\"https:\/\/nestogroup.ca\/fr\/conseils\/groupe-nesto-se-lance-dans-les-hypotheques-commerciales-au-quebec\/\"},\"wordCount\":47,\"commentCount\":0,\"image\":{\"@id\":\"https:\/\/nestogroup.ca\/fr\/conseils\/groupe-nesto-se-lance-dans-les-hypotheques-commerciales-au-quebec\/#primaryimage\"},\"thumbnailUrl\":\"https:\/\/nestogroup.ca\/wp-content\/uploads\/2025\/09\/the-nesto-group-launches-commercial-mortgage-origination-act.webp\",\"keywords\":[\"Media center\"],\"articleSection\":[\"Conseils\"],\"inLanguage\":\"fr-CA\",\"potentialAction\":[{\"@type\":\"CommentAction\",\"name\":\"Comment\",\"target\":[\"https:\/\/nestogroup.ca\/fr\/conseils\/groupe-nesto-se-lance-dans-les-hypotheques-commerciales-au-quebec\/#respond\"]}]},{\"@type\":\"WebPage\",\"@id\":\"https:\/\/nestogroup.ca\/fr\/conseils\/groupe-nesto-se-lance-dans-les-hypotheques-commerciales-au-quebec\/\",\"url\":\"https:\/\/nestogroup.ca\/fr\/conseils\/groupe-nesto-se-lance-dans-les-hypotheques-commerciales-au-quebec\/\",\"name\":\"Groupe Nesto se lance dans les hypoth\u00e8ques commerciales au Qu\u00e9bec - Nesto Group\",\"isPartOf\":{\"@id\":\"https:\/\/nestogroup.ca\/fr\/#website\"},\"primaryImageOfPage\":{\"@id\":\"https:\/\/nestogroup.ca\/fr\/conseils\/groupe-nesto-se-lance-dans-les-hypotheques-commerciales-au-quebec\/#primaryimage\"},\"image\":{\"@id\":\"https:\/\/nestogroup.ca\/fr\/conseils\/groupe-nesto-se-lance-dans-les-hypotheques-commerciales-au-quebec\/#primaryimage\"},\"thumbnailUrl\":\"https:\/\/nestogroup.ca\/wp-content\/uploads\/2025\/09\/the-nesto-group-launches-commercial-mortgage-origination-act.webp\",\"datePublished\":\"2025-06-04T14:53:56+00:00\",\"dateModified\":\"2025-09-19T01:16:53+00:00\",\"author\":{\"@id\":\"https:\/\/nestogroup.ca\/fr\/#\/schema\/person\/c074f786666ef8b58dd8668f44b06d8a\"},\"breadcrumb\":{\"@id\":\"https:\/\/nestogroup.ca\/fr\/conseils\/groupe-nesto-se-lance-dans-les-hypotheques-commerciales-au-quebec\/#breadcrumb\"},\"inLanguage\":\"fr-CA\",\"potentialAction\":[{\"@type\":\"ReadAction\",\"target\":[\"https:\/\/nestogroup.ca\/fr\/conseils\/groupe-nesto-se-lance-dans-les-hypotheques-commerciales-au-quebec\/\"]}]},{\"@type\":\"ImageObject\",\"inLanguage\":\"fr-CA\",\"@id\":\"https:\/\/nestogroup.ca\/fr\/conseils\/groupe-nesto-se-lance-dans-les-hypotheques-commerciales-au-quebec\/#primaryimage\",\"url\":\"https:\/\/nestogroup.ca\/wp-content\/uploads\/2025\/09\/the-nesto-group-launches-commercial-mortgage-origination-act.webp\",\"contentUrl\":\"https:\/\/nestogroup.ca\/wp-content\/uploads\/2025\/09\/the-nesto-group-launches-commercial-mortgage-origination-act.webp\",\"width\":564,\"height\":423},{\"@type\":\"BreadcrumbList\",\"@id\":\"https:\/\/nestogroup.ca\/fr\/conseils\/groupe-nesto-se-lance-dans-les-hypotheques-commerciales-au-quebec\/#breadcrumb\",\"itemListElement\":[{\"@type\":\"ListItem\",\"position\":1,\"name\":\"Home\",\"item\":\"https:\/\/nestogroup.ca\/fr\/\"},{\"@type\":\"ListItem\",\"position\":2,\"name\":\"Groupe Nesto se lance dans les hypoth\u00e8ques commerciales au Qu\u00e9bec\"}]},{\"@type\":\"WebSite\",\"@id\":\"https:\/\/nestogroup.ca\/fr\/#website\",\"url\":\"https:\/\/nestogroup.ca\/fr\/\",\"name\":\"Nesto Group\",\"description\":\"\",\"potentialAction\":[{\"@type\":\"SearchAction\",\"target\":{\"@type\":\"EntryPoint\",\"urlTemplate\":\"https:\/\/nestogroup.ca\/fr\/?s={search_term_string}\"},\"query-input\":{\"@type\":\"PropertyValueSpecification\",\"valueRequired\":true,\"valueName\":\"search_term_string\"}}],\"inLanguage\":\"fr-CA\"},{\"@type\":\"Person\",\"@id\":\"https:\/\/nestogroup.ca\/fr\/#\/schema\/person\/c074f786666ef8b58dd8668f44b06d8a\",\"name\":\"Ashley Stead\",\"image\":{\"@type\":\"ImageObject\",\"inLanguage\":\"fr-CA\",\"@id\":\"https:\/\/nestogroup.ca\/fr\/#\/schema\/person\/image\/\",\"url\":\"https:\/\/secure.gravatar.com\/avatar\/325281da29ea33a359422c27c94ee75abce07d0b27a2b1f6b3eea29efd6f8d28?s=96&d=mm&r=g\",\"contentUrl\":\"https:\/\/secure.gravatar.com\/avatar\/325281da29ea33a359422c27c94ee75abce07d0b27a2b1f6b3eea29efd6f8d28?s=96&d=mm&r=g\",\"caption\":\"Ashley Stead\"},\"url\":\"https:\/\/nestogroup.ca\/fr\/author\/ashley\/\"}]}<\/script>\n<!-- \/ Yoast SEO Premium plugin. -->","yoast_head_json":{"title":"Groupe Nesto se lance dans les hypoth\u00e8ques commerciales au Qu\u00e9bec - Nesto Group","robots":{"index":"index","follow":"follow","max-snippet":"max-snippet:-1","max-image-preview":"max-image-preview:large","max-video-preview":"max-video-preview:-1"},"canonical":"https:\/\/nestogroup.ca\/fr\/conseils\/groupe-nesto-se-lance-dans-les-hypotheques-commerciales-au-quebec\/","og_locale":"fr_CA","og_type":"article","og_title":"Groupe Nesto se lance dans les hypoth\u00e8ques commerciales au Qu\u00e9bec","og_description":"Le Groupe Nesto, \u00e9tabli \u00e0 Montr\u00e9al et sp\u00e9cialis\u00e9 en pr\u00eats hypoth\u00e9caires virtuels, vient de mettre sur pied une \u00e9quipe qui offrira des services de pr\u00eats hypoth\u00e9caires commerciaux au Qu\u00e9bec.","og_url":"https:\/\/nestogroup.ca\/fr\/conseils\/groupe-nesto-se-lance-dans-les-hypotheques-commerciales-au-quebec\/","og_site_name":"Nesto Group","article_published_time":"2025-06-04T14:53:56+00:00","article_modified_time":"2025-09-19T01:16:53+00:00","og_image":[{"width":564,"height":423,"url":"https:\/\/nestogroup.ca\/wp-content\/uploads\/2025\/09\/the-nesto-group-launches-commercial-mortgage-origination-act.webp","type":"image\/webp"}],"author":"Ashley Stead","twitter_card":"summary_large_image","twitter_misc":{"Written by":"Ashley Stead"},"schema":{"@context":"https:\/\/schema.org","@graph":[{"@type":"Article","@id":"https:\/\/nestogroup.ca\/fr\/conseils\/groupe-nesto-se-lance-dans-les-hypotheques-commerciales-au-quebec\/#article","isPartOf":{"@id":"https:\/\/nestogroup.ca\/fr\/conseils\/groupe-nesto-se-lance-dans-les-hypotheques-commerciales-au-quebec\/"},"author":{"name":"Ashley Stead","@id":"https:\/\/nestogroup.ca\/fr\/#\/schema\/person\/c074f786666ef8b58dd8668f44b06d8a"},"headline":"Groupe Nesto se lance dans les hypoth\u00e8ques commerciales au Qu\u00e9bec","datePublished":"2025-06-04T14:53:56+00:00","dateModified":"2025-09-19T01:16:53+00:00","mainEntityOfPage":{"@id":"https:\/\/nestogroup.ca\/fr\/conseils\/groupe-nesto-se-lance-dans-les-hypotheques-commerciales-au-quebec\/"},"wordCount":47,"commentCount":0,"image":{"@id":"https:\/\/nestogroup.ca\/fr\/conseils\/groupe-nesto-se-lance-dans-les-hypotheques-commerciales-au-quebec\/#primaryimage"},"thumbnailUrl":"https:\/\/nestogroup.ca\/wp-content\/uploads\/2025\/09\/the-nesto-group-launches-commercial-mortgage-origination-act.webp","keywords":["Media center"],"articleSection":["Conseils"],"inLanguage":"fr-CA","potentialAction":[{"@type":"CommentAction","name":"Comment","target":["https:\/\/nestogroup.ca\/fr\/conseils\/groupe-nesto-se-lance-dans-les-hypotheques-commerciales-au-quebec\/#respond"]}]},{"@type":"WebPage","@id":"https:\/\/nestogroup.ca\/fr\/conseils\/groupe-nesto-se-lance-dans-les-hypotheques-commerciales-au-quebec\/","url":"https:\/\/nestogroup.ca\/fr\/conseils\/groupe-nesto-se-lance-dans-les-hypotheques-commerciales-au-quebec\/","name":"Groupe Nesto se lance dans les hypoth\u00e8ques commerciales au Qu\u00e9bec - Nesto Group","isPartOf":{"@id":"https:\/\/nestogroup.ca\/fr\/#website"},"primaryImageOfPage":{"@id":"https:\/\/nestogroup.ca\/fr\/conseils\/groupe-nesto-se-lance-dans-les-hypotheques-commerciales-au-quebec\/#primaryimage"},"image":{"@id":"https:\/\/nestogroup.ca\/fr\/conseils\/groupe-nesto-se-lance-dans-les-hypotheques-commerciales-au-quebec\/#primaryimage"},"thumbnailUrl":"https:\/\/nestogroup.ca\/wp-content\/uploads\/2025\/09\/the-nesto-group-launches-commercial-mortgage-origination-act.webp","datePublished":"2025-06-04T14:53:56+00:00","dateModified":"2025-09-19T01:16:53+00:00","author":{"@id":"https:\/\/nestogroup.ca\/fr\/#\/schema\/person\/c074f786666ef8b58dd8668f44b06d8a"},"breadcrumb":{"@id":"https:\/\/nestogroup.ca\/fr\/conseils\/groupe-nesto-se-lance-dans-les-hypotheques-commerciales-au-quebec\/#breadcrumb"},"inLanguage":"fr-CA","potentialAction":[{"@type":"ReadAction","target":["https:\/\/nestogroup.ca\/fr\/conseils\/groupe-nesto-se-lance-dans-les-hypotheques-commerciales-au-quebec\/"]}]},{"@type":"ImageObject","inLanguage":"fr-CA","@id":"https:\/\/nestogroup.ca\/fr\/conseils\/groupe-nesto-se-lance-dans-les-hypotheques-commerciales-au-quebec\/#primaryimage","url":"https:\/\/nestogroup.ca\/wp-content\/uploads\/2025\/09\/the-nesto-group-launches-commercial-mortgage-origination-act.webp","contentUrl":"https:\/\/nestogroup.ca\/wp-content\/uploads\/2025\/09\/the-nesto-group-launches-commercial-mortgage-origination-act.webp","width":564,"height":423},{"@type":"BreadcrumbList","@id":"https:\/\/nestogroup.ca\/fr\/conseils\/groupe-nesto-se-lance-dans-les-hypotheques-commerciales-au-quebec\/#breadcrumb","itemListElement":[{"@type":"ListItem","position":1,"name":"Home","item":"https:\/\/nestogroup.ca\/fr\/"},{"@type":"ListItem","position":2,"name":"Groupe Nesto se lance dans les hypoth\u00e8ques commerciales au Qu\u00e9bec"}]},{"@type":"WebSite","@id":"https:\/\/nestogroup.ca\/fr\/#website","url":"https:\/\/nestogroup.ca\/fr\/","name":"Nesto Group","description":"","potentialAction":[{"@type":"SearchAction","target":{"@type":"EntryPoint","urlTemplate":"https:\/\/nestogroup.ca\/fr\/?s={search_term_string}"},"query-input":{"@type":"PropertyValueSpecification","valueRequired":true,"valueName":"search_term_string"}}],"inLanguage":"fr-CA"},{"@type":"Person","@id":"https:\/\/nestogroup.ca\/fr\/#\/schema\/person\/c074f786666ef8b58dd8668f44b06d8a","name":"Ashley Stead","image":{"@type":"ImageObject","inLanguage":"fr-CA","@id":"https:\/\/nestogroup.ca\/fr\/#\/schema\/person\/image\/","url":"https:\/\/secure.gravatar.com\/avatar\/325281da29ea33a359422c27c94ee75abce07d0b27a2b1f6b3eea29efd6f8d28?s=96&d=mm&r=g","contentUrl":"https:\/\/secure.gravatar.com\/avatar\/325281da29ea33a359422c27c94ee75abce07d0b27a2b1f6b3eea29efd6f8d28?s=96&d=mm&r=g","caption":"Ashley Stead"},"url":"https:\/\/nestogroup.ca\/fr\/author\/ashley\/"}]}},"_links":{"self":[{"href":"https:\/\/nestogroup.ca\/fr\/wp-json\/wp\/v2\/posts\/1817","targetHints":{"allow":["GET"]}}],"collection":[{"href":"https:\/\/nestogroup.ca\/fr\/wp-json\/wp\/v2\/posts"}],"about":[{"href":"https:\/\/nestogroup.ca\/fr\/wp-json\/wp\/v2\/types\/post"}],"author":[{"embeddable":true,"href":"https:\/\/nestogroup.ca\/fr\/wp-json\/wp\/v2\/users\/7"}],"replies":[{"embeddable":true,"href":"https:\/\/nestogroup.ca\/fr\/wp-json\/wp\/v2\/comments?post=1817"}],"version-history":[{"count":1,"href":"https:\/\/nestogroup.ca\/fr\/wp-json\/wp\/v2\/posts\/1817\/revisions"}],"predecessor-version":[{"id":1818,"href":"https:\/\/nestogroup.ca\/fr\/wp-json\/wp\/v2\/posts\/1817\/revisions\/1818"}],"wp:featuredmedia":[{"embeddable":true,"href":"https:\/\/nestogroup.ca\/fr\/wp-json\/wp\/v2\/media\/1362"}],"wp:attachment":[{"href":"https:\/\/nestogroup.ca\/fr\/wp-json\/wp\/v2\/media?parent=1817"}],"wp:term":[{"taxonomy":"category","embeddable":true,"href":"https:\/\/nestogroup.ca\/fr\/wp-json\/wp\/v2\/categories?post=1817"},{"taxonomy":"post_tag","embeddable":true,"href":"https:\/\/nestogroup.ca\/fr\/wp-json\/wp\/v2\/tags?post=1817"}],"curies":[{"name":"wp","href":"https:\/\/api.w.org\/{rel}","templated":true}]}}