{"id":1841,"date":"2025-03-09T15:14:09","date_gmt":"2025-03-09T15:14:09","guid":{"rendered":"https:\/\/nestogroup.ca\/?p=1841"},"modified":"2025-09-19T01:16:54","modified_gmt":"2025-09-19T01:16:54","slug":"susan-kudzman-rejoint-le-conseil-dadministration-de-nesto","status":"publish","type":"post","link":"https:\/\/nestogroup.ca\/fr\/conseils\/susan-kudzman-rejoint-le-conseil-dadministration-de-nesto\/","title":{"rendered":"Susan Kudzman rejoint le conseil d&rsquo;administration de nesto"},"content":{"rendered":"\n<p>nesto Inc. est heureux d\u2019annoncer la nomination de Susan Kudzman \u00e0 son conseil d\u2019administration. Leader reconnue dans les domaines de la gestion des risques, de la gouvernance et des services financiers, Mme Kudzman apporte une vaste expertise qui aidera le groupe nesto \u00e0 concr\u00e9tiser sa vision de devenir un champion canadien en b\u00e2tissant l\u2019\u00e9cosyst\u00e8me hypoth\u00e9caire du futur pour les propri\u00e9taires, les clients commerciaux et les institutions financi\u00e8res du pays.<\/p>\n","protected":false},"excerpt":{"rendered":"<p>nesto Inc. est heureux d\u2019annoncer la nomination de Susan Kudzman \u00e0 son conseil d\u2019administration. Leader reconnue dans les domaines de la gestion des risques, de la gouvernance et des services financiers, Mme Kudzman apporte une vaste expertise qui aidera le groupe nesto \u00e0 concr\u00e9tiser sa vision de devenir un champion canadien en b\u00e2tissant l\u2019\u00e9cosyst\u00e8me hypoth\u00e9caire [&hellip;]<\/p>\n","protected":false},"author":7,"featured_media":1491,"comment_status":"open","ping_status":"open","sticky":false,"template":"","format":"standard","meta":{"_acf_changed":false,"footnotes":""},"categories":[19],"tags":[22],"class_list":["post-1841","post","type-post","status-publish","format-standard","has-post-thumbnail","hentry","category-conseils","tag-media-center-2"],"acf":[],"yoast_head":"<!-- This site is optimized with the Yoast SEO Premium plugin v27.1 (Yoast SEO v27.1.1) - https:\/\/yoast.com\/product\/yoast-seo-premium-wordpress\/ -->\n<title>Susan Kudzman rejoint le conseil d&#039;administration de nesto - Nesto Group<\/title>\n<meta name=\"robots\" content=\"index, follow, max-snippet:-1, max-image-preview:large, max-video-preview:-1\" \/>\n<link rel=\"canonical\" href=\"https:\/\/nestogroup.ca\/fr\/conseils\/susan-kudzman-rejoint-le-conseil-dadministration-de-nesto\/\" \/>\n<meta property=\"og:locale\" content=\"fr_CA\" \/>\n<meta property=\"og:type\" content=\"article\" \/>\n<meta property=\"og:title\" content=\"Susan Kudzman rejoint le conseil d&#039;administration de nesto\" \/>\n<meta property=\"og:description\" content=\"nesto Inc. est heureux d\u2019annoncer la nomination de Susan Kudzman \u00e0 son conseil d\u2019administration. Leader reconnue dans les domaines de la gestion des risques, de la gouvernance et des services financiers, Mme Kudzman apporte une vaste expertise qui aidera le groupe nesto \u00e0 concr\u00e9tiser sa vision de devenir un champion canadien en b\u00e2tissant l\u2019\u00e9cosyst\u00e8me hypoth\u00e9caire [&hellip;]\" \/>\n<meta property=\"og:url\" content=\"https:\/\/nestogroup.ca\/fr\/conseils\/susan-kudzman-rejoint-le-conseil-dadministration-de-nesto\/\" \/>\n<meta property=\"og:site_name\" content=\"Nesto Group\" \/>\n<meta property=\"article:published_time\" content=\"2025-03-09T15:14:09+00:00\" \/>\n<meta property=\"article:modified_time\" content=\"2025-09-19T01:16:54+00:00\" \/>\n<meta property=\"og:image\" content=\"https:\/\/nestogroup.ca\/wp-content\/uploads\/2025\/09\/Screenshot-2025-07-31-at-3.30.46-PM-1.png\" \/>\n\t<meta property=\"og:image:width\" content=\"424\" \/>\n\t<meta property=\"og:image:height\" content=\"424\" \/>\n\t<meta property=\"og:image:type\" content=\"image\/png\" \/>\n<meta name=\"author\" content=\"Ashley Stead\" \/>\n<meta name=\"twitter:card\" content=\"summary_large_image\" \/>\n<meta name=\"twitter:label1\" content=\"Written by\" \/>\n\t<meta name=\"twitter:data1\" content=\"Ashley Stead\" \/>\n<script type=\"application\/ld+json\" class=\"yoast-schema-graph\">{\"@context\":\"https:\/\/schema.org\",\"@graph\":[{\"@type\":\"Article\",\"@id\":\"https:\/\/nestogroup.ca\/fr\/conseils\/susan-kudzman-rejoint-le-conseil-dadministration-de-nesto\/#article\",\"isPartOf\":{\"@id\":\"https:\/\/nestogroup.ca\/fr\/conseils\/susan-kudzman-rejoint-le-conseil-dadministration-de-nesto\/\"},\"author\":{\"name\":\"Ashley Stead\",\"@id\":\"https:\/\/nestogroup.ca\/fr\/#\/schema\/person\/c074f786666ef8b58dd8668f44b06d8a\"},\"headline\":\"Susan Kudzman rejoint le conseil d&rsquo;administration de nesto\",\"datePublished\":\"2025-03-09T15:14:09+00:00\",\"dateModified\":\"2025-09-19T01:16:54+00:00\",\"mainEntityOfPage\":{\"@id\":\"https:\/\/nestogroup.ca\/fr\/conseils\/susan-kudzman-rejoint-le-conseil-dadministration-de-nesto\/\"},\"wordCount\":85,\"commentCount\":0,\"image\":{\"@id\":\"https:\/\/nestogroup.ca\/fr\/conseils\/susan-kudzman-rejoint-le-conseil-dadministration-de-nesto\/#primaryimage\"},\"thumbnailUrl\":\"https:\/\/nestogroup.ca\/wp-content\/uploads\/2025\/09\/Screenshot-2025-07-31-at-3.30.46-PM-1.png\",\"keywords\":[\"Media center\"],\"articleSection\":[\"Conseils\"],\"inLanguage\":\"fr-CA\",\"potentialAction\":[{\"@type\":\"CommentAction\",\"name\":\"Comment\",\"target\":[\"https:\/\/nestogroup.ca\/fr\/conseils\/susan-kudzman-rejoint-le-conseil-dadministration-de-nesto\/#respond\"]}]},{\"@type\":\"WebPage\",\"@id\":\"https:\/\/nestogroup.ca\/fr\/conseils\/susan-kudzman-rejoint-le-conseil-dadministration-de-nesto\/\",\"url\":\"https:\/\/nestogroup.ca\/fr\/conseils\/susan-kudzman-rejoint-le-conseil-dadministration-de-nesto\/\",\"name\":\"Susan Kudzman rejoint le conseil d'administration de nesto - Nesto Group\",\"isPartOf\":{\"@id\":\"https:\/\/nestogroup.ca\/fr\/#website\"},\"primaryImageOfPage\":{\"@id\":\"https:\/\/nestogroup.ca\/fr\/conseils\/susan-kudzman-rejoint-le-conseil-dadministration-de-nesto\/#primaryimage\"},\"image\":{\"@id\":\"https:\/\/nestogroup.ca\/fr\/conseils\/susan-kudzman-rejoint-le-conseil-dadministration-de-nesto\/#primaryimage\"},\"thumbnailUrl\":\"https:\/\/nestogroup.ca\/wp-content\/uploads\/2025\/09\/Screenshot-2025-07-31-at-3.30.46-PM-1.png\",\"datePublished\":\"2025-03-09T15:14:09+00:00\",\"dateModified\":\"2025-09-19T01:16:54+00:00\",\"author\":{\"@id\":\"https:\/\/nestogroup.ca\/fr\/#\/schema\/person\/c074f786666ef8b58dd8668f44b06d8a\"},\"breadcrumb\":{\"@id\":\"https:\/\/nestogroup.ca\/fr\/conseils\/susan-kudzman-rejoint-le-conseil-dadministration-de-nesto\/#breadcrumb\"},\"inLanguage\":\"fr-CA\",\"potentialAction\":[{\"@type\":\"ReadAction\",\"target\":[\"https:\/\/nestogroup.ca\/fr\/conseils\/susan-kudzman-rejoint-le-conseil-dadministration-de-nesto\/\"]}]},{\"@type\":\"ImageObject\",\"inLanguage\":\"fr-CA\",\"@id\":\"https:\/\/nestogroup.ca\/fr\/conseils\/susan-kudzman-rejoint-le-conseil-dadministration-de-nesto\/#primaryimage\",\"url\":\"https:\/\/nestogroup.ca\/wp-content\/uploads\/2025\/09\/Screenshot-2025-07-31-at-3.30.46-PM-1.png\",\"contentUrl\":\"https:\/\/nestogroup.ca\/wp-content\/uploads\/2025\/09\/Screenshot-2025-07-31-at-3.30.46-PM-1.png\",\"width\":424,\"height\":424},{\"@type\":\"BreadcrumbList\",\"@id\":\"https:\/\/nestogroup.ca\/fr\/conseils\/susan-kudzman-rejoint-le-conseil-dadministration-de-nesto\/#breadcrumb\",\"itemListElement\":[{\"@type\":\"ListItem\",\"position\":1,\"name\":\"Home\",\"item\":\"https:\/\/nestogroup.ca\/fr\/\"},{\"@type\":\"ListItem\",\"position\":2,\"name\":\"Susan Kudzman rejoint le conseil d&#8217;administration de nesto\"}]},{\"@type\":\"WebSite\",\"@id\":\"https:\/\/nestogroup.ca\/fr\/#website\",\"url\":\"https:\/\/nestogroup.ca\/fr\/\",\"name\":\"Nesto Group\",\"description\":\"\",\"potentialAction\":[{\"@type\":\"SearchAction\",\"target\":{\"@type\":\"EntryPoint\",\"urlTemplate\":\"https:\/\/nestogroup.ca\/fr\/?s={search_term_string}\"},\"query-input\":{\"@type\":\"PropertyValueSpecification\",\"valueRequired\":true,\"valueName\":\"search_term_string\"}}],\"inLanguage\":\"fr-CA\"},{\"@type\":\"Person\",\"@id\":\"https:\/\/nestogroup.ca\/fr\/#\/schema\/person\/c074f786666ef8b58dd8668f44b06d8a\",\"name\":\"Ashley Stead\",\"image\":{\"@type\":\"ImageObject\",\"inLanguage\":\"fr-CA\",\"@id\":\"https:\/\/nestogroup.ca\/fr\/#\/schema\/person\/image\/\",\"url\":\"https:\/\/secure.gravatar.com\/avatar\/325281da29ea33a359422c27c94ee75abce07d0b27a2b1f6b3eea29efd6f8d28?s=96&d=mm&r=g\",\"contentUrl\":\"https:\/\/secure.gravatar.com\/avatar\/325281da29ea33a359422c27c94ee75abce07d0b27a2b1f6b3eea29efd6f8d28?s=96&d=mm&r=g\",\"caption\":\"Ashley Stead\"},\"url\":\"https:\/\/nestogroup.ca\/fr\/author\/ashley\/\"}]}<\/script>\n<!-- \/ Yoast SEO Premium plugin. -->","yoast_head_json":{"title":"Susan Kudzman rejoint le conseil d'administration de nesto - Nesto Group","robots":{"index":"index","follow":"follow","max-snippet":"max-snippet:-1","max-image-preview":"max-image-preview:large","max-video-preview":"max-video-preview:-1"},"canonical":"https:\/\/nestogroup.ca\/fr\/conseils\/susan-kudzman-rejoint-le-conseil-dadministration-de-nesto\/","og_locale":"fr_CA","og_type":"article","og_title":"Susan Kudzman rejoint le conseil d'administration de nesto","og_description":"nesto Inc. est heureux d\u2019annoncer la nomination de Susan Kudzman \u00e0 son conseil d\u2019administration. Leader reconnue dans les domaines de la gestion des risques, de la gouvernance et des services financiers, Mme Kudzman apporte une vaste expertise qui aidera le groupe nesto \u00e0 concr\u00e9tiser sa vision de devenir un champion canadien en b\u00e2tissant l\u2019\u00e9cosyst\u00e8me hypoth\u00e9caire [&hellip;]","og_url":"https:\/\/nestogroup.ca\/fr\/conseils\/susan-kudzman-rejoint-le-conseil-dadministration-de-nesto\/","og_site_name":"Nesto Group","article_published_time":"2025-03-09T15:14:09+00:00","article_modified_time":"2025-09-19T01:16:54+00:00","og_image":[{"width":424,"height":424,"url":"https:\/\/nestogroup.ca\/wp-content\/uploads\/2025\/09\/Screenshot-2025-07-31-at-3.30.46-PM-1.png","type":"image\/png"}],"author":"Ashley Stead","twitter_card":"summary_large_image","twitter_misc":{"Written by":"Ashley Stead"},"schema":{"@context":"https:\/\/schema.org","@graph":[{"@type":"Article","@id":"https:\/\/nestogroup.ca\/fr\/conseils\/susan-kudzman-rejoint-le-conseil-dadministration-de-nesto\/#article","isPartOf":{"@id":"https:\/\/nestogroup.ca\/fr\/conseils\/susan-kudzman-rejoint-le-conseil-dadministration-de-nesto\/"},"author":{"name":"Ashley Stead","@id":"https:\/\/nestogroup.ca\/fr\/#\/schema\/person\/c074f786666ef8b58dd8668f44b06d8a"},"headline":"Susan Kudzman rejoint le conseil d&rsquo;administration de nesto","datePublished":"2025-03-09T15:14:09+00:00","dateModified":"2025-09-19T01:16:54+00:00","mainEntityOfPage":{"@id":"https:\/\/nestogroup.ca\/fr\/conseils\/susan-kudzman-rejoint-le-conseil-dadministration-de-nesto\/"},"wordCount":85,"commentCount":0,"image":{"@id":"https:\/\/nestogroup.ca\/fr\/conseils\/susan-kudzman-rejoint-le-conseil-dadministration-de-nesto\/#primaryimage"},"thumbnailUrl":"https:\/\/nestogroup.ca\/wp-content\/uploads\/2025\/09\/Screenshot-2025-07-31-at-3.30.46-PM-1.png","keywords":["Media center"],"articleSection":["Conseils"],"inLanguage":"fr-CA","potentialAction":[{"@type":"CommentAction","name":"Comment","target":["https:\/\/nestogroup.ca\/fr\/conseils\/susan-kudzman-rejoint-le-conseil-dadministration-de-nesto\/#respond"]}]},{"@type":"WebPage","@id":"https:\/\/nestogroup.ca\/fr\/conseils\/susan-kudzman-rejoint-le-conseil-dadministration-de-nesto\/","url":"https:\/\/nestogroup.ca\/fr\/conseils\/susan-kudzman-rejoint-le-conseil-dadministration-de-nesto\/","name":"Susan Kudzman rejoint le conseil d'administration de nesto - Nesto Group","isPartOf":{"@id":"https:\/\/nestogroup.ca\/fr\/#website"},"primaryImageOfPage":{"@id":"https:\/\/nestogroup.ca\/fr\/conseils\/susan-kudzman-rejoint-le-conseil-dadministration-de-nesto\/#primaryimage"},"image":{"@id":"https:\/\/nestogroup.ca\/fr\/conseils\/susan-kudzman-rejoint-le-conseil-dadministration-de-nesto\/#primaryimage"},"thumbnailUrl":"https:\/\/nestogroup.ca\/wp-content\/uploads\/2025\/09\/Screenshot-2025-07-31-at-3.30.46-PM-1.png","datePublished":"2025-03-09T15:14:09+00:00","dateModified":"2025-09-19T01:16:54+00:00","author":{"@id":"https:\/\/nestogroup.ca\/fr\/#\/schema\/person\/c074f786666ef8b58dd8668f44b06d8a"},"breadcrumb":{"@id":"https:\/\/nestogroup.ca\/fr\/conseils\/susan-kudzman-rejoint-le-conseil-dadministration-de-nesto\/#breadcrumb"},"inLanguage":"fr-CA","potentialAction":[{"@type":"ReadAction","target":["https:\/\/nestogroup.ca\/fr\/conseils\/susan-kudzman-rejoint-le-conseil-dadministration-de-nesto\/"]}]},{"@type":"ImageObject","inLanguage":"fr-CA","@id":"https:\/\/nestogroup.ca\/fr\/conseils\/susan-kudzman-rejoint-le-conseil-dadministration-de-nesto\/#primaryimage","url":"https:\/\/nestogroup.ca\/wp-content\/uploads\/2025\/09\/Screenshot-2025-07-31-at-3.30.46-PM-1.png","contentUrl":"https:\/\/nestogroup.ca\/wp-content\/uploads\/2025\/09\/Screenshot-2025-07-31-at-3.30.46-PM-1.png","width":424,"height":424},{"@type":"BreadcrumbList","@id":"https:\/\/nestogroup.ca\/fr\/conseils\/susan-kudzman-rejoint-le-conseil-dadministration-de-nesto\/#breadcrumb","itemListElement":[{"@type":"ListItem","position":1,"name":"Home","item":"https:\/\/nestogroup.ca\/fr\/"},{"@type":"ListItem","position":2,"name":"Susan Kudzman rejoint le conseil d&#8217;administration de nesto"}]},{"@type":"WebSite","@id":"https:\/\/nestogroup.ca\/fr\/#website","url":"https:\/\/nestogroup.ca\/fr\/","name":"Nesto Group","description":"","potentialAction":[{"@type":"SearchAction","target":{"@type":"EntryPoint","urlTemplate":"https:\/\/nestogroup.ca\/fr\/?s={search_term_string}"},"query-input":{"@type":"PropertyValueSpecification","valueRequired":true,"valueName":"search_term_string"}}],"inLanguage":"fr-CA"},{"@type":"Person","@id":"https:\/\/nestogroup.ca\/fr\/#\/schema\/person\/c074f786666ef8b58dd8668f44b06d8a","name":"Ashley Stead","image":{"@type":"ImageObject","inLanguage":"fr-CA","@id":"https:\/\/nestogroup.ca\/fr\/#\/schema\/person\/image\/","url":"https:\/\/secure.gravatar.com\/avatar\/325281da29ea33a359422c27c94ee75abce07d0b27a2b1f6b3eea29efd6f8d28?s=96&d=mm&r=g","contentUrl":"https:\/\/secure.gravatar.com\/avatar\/325281da29ea33a359422c27c94ee75abce07d0b27a2b1f6b3eea29efd6f8d28?s=96&d=mm&r=g","caption":"Ashley Stead"},"url":"https:\/\/nestogroup.ca\/fr\/author\/ashley\/"}]}},"_links":{"self":[{"href":"https:\/\/nestogroup.ca\/fr\/wp-json\/wp\/v2\/posts\/1841","targetHints":{"allow":["GET"]}}],"collection":[{"href":"https:\/\/nestogroup.ca\/fr\/wp-json\/wp\/v2\/posts"}],"about":[{"href":"https:\/\/nestogroup.ca\/fr\/wp-json\/wp\/v2\/types\/post"}],"author":[{"embeddable":true,"href":"https:\/\/nestogroup.ca\/fr\/wp-json\/wp\/v2\/users\/7"}],"replies":[{"embeddable":true,"href":"https:\/\/nestogroup.ca\/fr\/wp-json\/wp\/v2\/comments?post=1841"}],"version-history":[{"count":1,"href":"https:\/\/nestogroup.ca\/fr\/wp-json\/wp\/v2\/posts\/1841\/revisions"}],"predecessor-version":[{"id":1842,"href":"https:\/\/nestogroup.ca\/fr\/wp-json\/wp\/v2\/posts\/1841\/revisions\/1842"}],"wp:featuredmedia":[{"embeddable":true,"href":"https:\/\/nestogroup.ca\/fr\/wp-json\/wp\/v2\/media\/1491"}],"wp:attachment":[{"href":"https:\/\/nestogroup.ca\/fr\/wp-json\/wp\/v2\/media?parent=1841"}],"wp:term":[{"taxonomy":"category","embeddable":true,"href":"https:\/\/nestogroup.ca\/fr\/wp-json\/wp\/v2\/categories?post=1841"},{"taxonomy":"post_tag","embeddable":true,"href":"https:\/\/nestogroup.ca\/fr\/wp-json\/wp\/v2\/tags?post=1841"}],"curies":[{"name":"wp","href":"https:\/\/api.w.org\/{rel}","templated":true}]}}